{"id":1091,"date":"2016-06-30T20:36:48","date_gmt":"2016-06-30T18:36:48","guid":{"rendered":"http:\/\/guidospeckmann.de\/?p=1091"},"modified":"2016-07-11T20:39:37","modified_gmt":"2016-07-11T18:39:37","slug":"scheinbarer-sinneswandel","status":"publish","type":"post","link":"https:\/\/guidospeckmann.de\/?p=1091","title":{"rendered":"Scheinbarer Sinneswandel"},"content":{"rendered":"<h2>\u00a0\u00dcber Rufe der Eliten nach einer sozialeren EU<\/h2>\n<p>Ein Freund von Referenden war er bisher nicht. Der luxemburgische Au\u00dfenminister Jean Asselborn hatte anl\u00e4sslich des \u00bbNeins\u00ab der Niederl\u00e4nder zum EU-Assoziierungsabkommen mit der Ukraine gesagt: \u00bbWenn man Europa kaputt machen will, dann braucht man nur mehr Referenden zu veranstalten.\u00ab<!--more--> Jetzt gab es ein weiteres Referendum &#8211; und Asselborn f\u00e4llt pl\u00f6tzlich mit ganz anderen Worten auf. Am Mittwoch erhob er seine Stimme, um mehr soziale Gerechtigkeit in Europa einzufordern. Wachstum alleine reiche nicht; die EU m\u00fcsse den Mehrwert, der dadurch geschaffen werde, sozial gerecht verteilen.<\/p>\n<p>Einen Sinneswandel hat es auch in der internationalen Finanzindustrie gegeben. Analysten der Bank of America und der Fondsgesellschaft Pimco entdecken pl\u00f6tzlich das Thema soziale Ungleichheit. Der Brexit sei die Antwort der W\u00e4hler auf das Zeitalter der Ungleichheit, hie\u00df es. Und die Kluft zwischen Arm und Reich sei zu gro\u00df geworden, die Gefahr von politischen Verwerfungen gestiegen. Indes: Die Finanzindustrie macht sich zuvorderst Sorgen um zuk\u00fcnftige Profite und der EU-Kommissionschef Juncker will im Windschatten von Brexit das Freihandelsabkommen CETA mit Kanada an den Parlamente vorbeischleusen. Es sieht eher nach einem scheinbaren Sinneswandel aus.<\/p>\n<p>aus: <a href=\"https:\/\/www.neues-deutschland.de\/artikel\/1017023.scheinbarer-sinneswandel.html?sstr=Speckmann\">neues deutschland<\/a>, 30.06.2016<\/p>\n","protected":false},"excerpt":{"rendered":"<p>\u00a0\u00dcber Rufe der Eliten nach einer sozialeren EU Ein Freund von Referenden war er bisher nicht. Der luxemburgische Au\u00dfenminister Jean Asselborn hatte anl\u00e4sslich des \u00bbNeins\u00ab der Niederl\u00e4nder zum EU-Assoziierungsabkommen mit der Ukraine gesagt: \u00bbWenn man Europa kaputt machen will, dann &hellip; <a href=\"https:\/\/guidospeckmann.de\/?p=1091\">Weiterlesen <span class=\"meta-nav\">&rarr;<\/span><\/a><\/p>\n","protected":false},"author":1,"featured_media":0,"comment_status":"open","ping_status":"open","sticky":false,"template":"","format":"standard","meta":{"kia_subtitle":"","footnotes":""},"categories":[11,95],"tags":[152],"class_list":["post-1091","post","type-post","status-publish","format-standard","hentry","category-internationales","category-oekonomie","tag-europaeische-union"],"_links":{"self":[{"href":"https:\/\/guidospeckmann.de\/index.php?rest_route=\/wp\/v2\/posts\/1091","targetHints":{"allow":["GET"]}}],"collection":[{"href":"https:\/\/guidospeckmann.de\/index.php?rest_route=\/wp\/v2\/posts"}],"about":[{"href":"https:\/\/guidospeckmann.de\/index.php?rest_route=\/wp\/v2\/types\/post"}],"author":[{"embeddable":true,"href":"https:\/\/guidospeckmann.de\/index.php?rest_route=\/wp\/v2\/users\/1"}],"replies":[{"embeddable":true,"href":"https:\/\/guidospeckmann.de\/index.php?rest_route=%2Fwp%2Fv2%2Fcomments&post=1091"}],"version-history":[{"count":1,"href":"https:\/\/guidospeckmann.de\/index.php?rest_route=\/wp\/v2\/posts\/1091\/revisions"}],"predecessor-version":[{"id":1092,"href":"https:\/\/guidospeckmann.de\/index.php?rest_route=\/wp\/v2\/posts\/1091\/revisions\/1092"}],"wp:attachment":[{"href":"https:\/\/guidospeckmann.de\/index.php?rest_route=%2Fwp%2Fv2%2Fmedia&parent=1091"}],"wp:term":[{"taxonomy":"category","embeddable":true,"href":"https:\/\/guidospeckmann.de\/index.php?rest_route=%2Fwp%2Fv2%2Fcategories&post=1091"},{"taxonomy":"post_tag","embeddable":true,"href":"https:\/\/guidospeckmann.de\/index.php?rest_route=%2Fwp%2Fv2%2Ftags&post=1091"}],"curies":[{"name":"wp","href":"https:\/\/api.w.org\/{rel}","templated":true}]}}