{"id":632,"date":"2013-01-18T16:10:41","date_gmt":"2013-01-18T15:10:41","guid":{"rendered":"http:\/\/guidospeckmann.de\/?p=632"},"modified":"2013-01-18T16:22:57","modified_gmt":"2013-01-18T15:22:57","slug":"die-unterernahrte-welt","status":"publish","type":"post","link":"https:\/\/guidospeckmann.de\/?p=632","title":{"rendered":"Die unterern\u00e4hrte Welt"},"content":{"rendered":"<p>Der weltweite Hunger r\u00fcckt wieder in den Fokus der Agrar- und Ern\u00e4hrungswirtschaft. Zum Auftakt der Gr\u00fcnen Woche in Berlin treffen sich Agrarminister aus der ganzen Welt (Freitag bis Sonntag) mit wichtigen Vertretern der Agrar- und Ern\u00e4hrungswirtschaft &#8211; und wollen \u00fcber Schl\u00fcsselfaktoren f\u00fcr die Ern\u00e4hrungssicherung sprechen. <!--more--><\/p>\n<p>In Hamburg am Telefon ist der Politikwissenschaftler und Redakteur Guido Speckmann, der sich mit diesem Thema intensiv besch\u00e4ftigt.<\/p>\n<p>Die Audiodatei meines Interviews mit dem SWR2 gibt es <a href=\"http:\/\/swrmediathek.de\/player.htm?show=109da230-6081-11e2-aadb-0026b975f2e6\">hier. <\/a><\/p>\n<p>&nbsp;<\/p>\n<p>&nbsp;<\/p>\n","protected":false},"excerpt":{"rendered":"<p>Der weltweite Hunger r\u00fcckt wieder in den Fokus der Agrar- und Ern\u00e4hrungswirtschaft. Zum Auftakt der Gr\u00fcnen Woche in Berlin treffen sich Agrarminister aus der ganzen Welt (Freitag bis Sonntag) mit wichtigen Vertretern der Agrar- und Ern\u00e4hrungswirtschaft &#8211; und wollen \u00fcber &hellip; <a href=\"https:\/\/guidospeckmann.de\/?p=632\">Weiterlesen <span class=\"meta-nav\">&rarr;<\/span><\/a><\/p>\n","protected":false},"author":1,"featured_media":0,"comment_status":"open","ping_status":"open","sticky":false,"template":"","format":"standard","meta":{"kia_subtitle":"","footnotes":""},"categories":[8],"tags":[80],"class_list":["post-632","post","type-post","status-publish","format-standard","hentry","category-globale-hungerkrise","tag-agrartreibstoffe"],"_links":{"self":[{"href":"https:\/\/guidospeckmann.de\/index.php?rest_route=\/wp\/v2\/posts\/632","targetHints":{"allow":["GET"]}}],"collection":[{"href":"https:\/\/guidospeckmann.de\/index.php?rest_route=\/wp\/v2\/posts"}],"about":[{"href":"https:\/\/guidospeckmann.de\/index.php?rest_route=\/wp\/v2\/types\/post"}],"author":[{"embeddable":true,"href":"https:\/\/guidospeckmann.de\/index.php?rest_route=\/wp\/v2\/users\/1"}],"replies":[{"embeddable":true,"href":"https:\/\/guidospeckmann.de\/index.php?rest_route=%2Fwp%2Fv2%2Fcomments&post=632"}],"version-history":[{"count":6,"href":"https:\/\/guidospeckmann.de\/index.php?rest_route=\/wp\/v2\/posts\/632\/revisions"}],"predecessor-version":[{"id":635,"href":"https:\/\/guidospeckmann.de\/index.php?rest_route=\/wp\/v2\/posts\/632\/revisions\/635"}],"wp:attachment":[{"href":"https:\/\/guidospeckmann.de\/index.php?rest_route=%2Fwp%2Fv2%2Fmedia&parent=632"}],"wp:term":[{"taxonomy":"category","embeddable":true,"href":"https:\/\/guidospeckmann.de\/index.php?rest_route=%2Fwp%2Fv2%2Fcategories&post=632"},{"taxonomy":"post_tag","embeddable":true,"href":"https:\/\/guidospeckmann.de\/index.php?rest_route=%2Fwp%2Fv2%2Ftags&post=632"}],"curies":[{"name":"wp","href":"https:\/\/api.w.org\/{rel}","templated":true}]}}